{"id":15184,"date":"2023-10-13T16:47:41","date_gmt":"2023-10-13T08:47:41","guid":{"rendered":"https:\/\/prologium.com\/?p=15184"},"modified":"2024-05-12T22:44:01","modified_gmt":"2024-05-12T14:44:01","slug":"evenement-de-mi-parcours-pour-la-concertation-prealable-prologium-et-rte-autour-du-projet-de-gigafactory-de-batteries-solides-dans-le-dunkerquois","status":"publish","type":"post","link":"https:\/\/prologium.com\/fr\/evenement-de-mi-parcours-pour-la-concertation-prealable-prologium-et-rte-autour-du-projet-de-gigafactory-de-batteries-solides-dans-le-dunkerquois\/","title":{"rendered":"\u00c9V\u00c9NEMENT DE MI-PARCOURS POUR LA CONCERTATION PR\u00c9ALABLE PROLOGIUM ET RTE AUTOUR DU PROJET DE GIGAFACTORY DE BATTERIES SOLIDES DANS LE DUNKERQUOIS"},"content":{"rendered":"<div id='full_slider_1'  class='avia-fullwidth-slider main_color avia-shadow   avia-builder-el-0  el_before_av_section  avia-builder-el-first   container_wrap sidebar_right'  ><div   data-size='no scaling'  data-lightbox_size='large'  data-animation='slide'  data-conditional_play=''  data-ids='16673'  data-video_counter='0'  data-autoplay='false'  data-bg_slider='false'  data-slide_height=''  data-handle='av_slideshow_full'  data-interval='5'  data-class=' '  data-el_id=''  data-css_id=''  data-scroll_down=''  data-control_layout='av-control-default'  data-custom_markup=''  data-perma_caption=''  data-autoplay_stopper=''  data-image_attachment=''  data-min_height='350px'  data-lazy_loading='disabled'  data-src=''  data-position='top left'  data-repeat='no-repeat'  data-attach='scroll'  data-stretch=''  class='avia-slideshow avia-slideshow-1  av-control-default av-default-height-applied avia-slideshow-no scaling av_slideshow_full   avia-slide-slider '  itemprop=\"image\" itemscope=\"itemscope\" itemtype=\"https:\/\/schema.org\/ImageObject\" ><ul class='avia-slideshow-inner ' style='padding-bottom: 42.395833333333%;' ><li  class=' av-single-slide slide-1 ' ><div data-rel='slideshow-1' class='avia-slide-wrap '   ><img class=\"wp-image-16673 avia-img-lazy-loading-not-16673\"  src=\"https:\/\/prologium.com\/wp-content\/uploads\/2024\/05\/News-0512.png\" width=\"1920\" height=\"814\" title='News-0512' alt=''  itemprop=\"thumbnailUrl\"  style='min-height:350px; min-width:826px; ' srcset=\"https:\/\/prologium.com\/wp-content\/uploads\/2024\/05\/News-0512.png 1920w, https:\/\/prologium.com\/wp-content\/uploads\/2024\/05\/News-0512-300x127.png 300w, https:\/\/prologium.com\/wp-content\/uploads\/2024\/05\/News-0512-1030x437.png 1030w, https:\/\/prologium.com\/wp-content\/uploads\/2024\/05\/News-0512-768x326.png 768w, https:\/\/prologium.com\/wp-content\/uploads\/2024\/05\/News-0512-1536x651.png 1536w, https:\/\/prologium.com\/wp-content\/uploads\/2024\/05\/News-0512-1500x636.png 1500w, https:\/\/prologium.com\/wp-content\/uploads\/2024\/05\/News-0512-705x299.png 705w\" sizes=\"(max-width: 1920px) 100vw, 1920px\" \/><\/div><\/li><\/ul><\/div><\/div>\n<div id='av_section_1'  class='avia-section av-8225oeo-96628b509f26c15651b6f7823b850efc alternate_color avia-section-default avia-no-border-styling  avia-builder-el-1  el_after_av_slideshow_full  el_before_av_codeblock  avia-bg-style-scroll  container_wrap sidebar_right'  ><div class='container av-section-cont-open' ><div class='template-page content  av-content-small alpha units'><div class='post-entry post-entry-type-page post-entry-15184'><div class='entry-content-wrapper clearfix'>\n\n<style type=\"text\/css\" id=\"style-css-av-7pplb00-95623cbd5d09171f1488e7de10b67490\">\n#top .flex_column.av-7pplb00-95623cbd5d09171f1488e7de10b67490{\nborder-radius:0px;\n-webkit-border-radius:0px;\n-moz-border-radius:0px;\npadding:0px;\n}\n<\/style>\n<div class='flex_column av-7pplb00-95623cbd5d09171f1488e7de10b67490 av_three_fourth  avia-builder-el-2  el_before_av_one_fourth  avia-builder-el-first  first flex_column_div av-zero-column-padding '   ><p><section class=\"av_textblock_section \"  itemscope=\"itemscope\" itemtype=\"https:\/\/schema.org\/BlogPosting\" itemprop=\"blogPost\" ><div class='avia_textblock  av_inherit_color '  style='color:#0870d4; '  itemprop=\"text\" ><p><strong>Press Releases\/ Announcement<\/strong><\/p>\n<\/div><\/section><br \/>\n\n<style type=\"text\/css\" id=\"style-css-av-lnobezbe-be5c1a453228921c007c5e7af8b49be1\">\n#top .av-special-heading.av-lnobezbe-be5c1a453228921c007c5e7af8b49be1{\npadding-bottom:10px;\n}\n.av-special-heading.av-lnobezbe-be5c1a453228921c007c5e7af8b49be1 .av-subheading{\nfont-size:15px;\n}\n<\/style>\n<div  class='av-special-heading av-lnobezbe-be5c1a453228921c007c5e7af8b49be1 av-special-heading-h2 blockquote modern-quote  avia-builder-el-4  el_after_av_textblock  avia-builder-el-last  av-linked-heading '><h2 class='av-special-heading-tag '  itemprop=\"headline\"  >\u00c9V\u00c9NEMENT DE MI-PARCOURS POUR LA CONCERTATION PR\u00c9ALABLE PROLOGIUM ET RTE AUTOUR DU PROJET DE GIGAFACTORY DE BATTERIES SOLIDES DANS LE DUNKERQUOIS<\/h2><div class='av-subheading av-subheading_below '><p style=\"line-height: 10px; color: #0870d4 !important;\">Press Information<\/p>\n<p style=\"line-height: 10px; color: #18273b !important;\">octobre 12, 2023<\/p>\n<\/div><div class='special-heading-border'><div class='special-heading-inner-border'><\/div><\/div><\/div><\/p><\/div>\n<style type=\"text\/css\" id=\"style-css-av-6tna3cg-9da04b2610835889cd21d6ea0f3fae1b\">\n#top .flex_column.av-6tna3cg-9da04b2610835889cd21d6ea0f3fae1b{\nborder-radius:0px;\n-webkit-border-radius:0px;\n-moz-border-radius:0px;\npadding:0px;\n}\n<\/style>\n<div class='flex_column av-6tna3cg-9da04b2610835889cd21d6ea0f3fae1b av_one_fourth  avia-builder-el-5  el_after_av_three_fourth  el_before_av_one_fifth  flex_column_div av-zero-column-padding '   ><\/div>\n<style type=\"text\/css\" id=\"style-css-av-5n6h86o-9e4cdb2ec4763b4376bc98fa9d11ab44\">\n#top .flex_column.av-5n6h86o-9e4cdb2ec4763b4376bc98fa9d11ab44{\nborder-radius:0px;\n-webkit-border-radius:0px;\n-moz-border-radius:0px;\npadding:0px;\n}\n<\/style>\n<div class='flex_column av-5n6h86o-9e4cdb2ec4763b4376bc98fa9d11ab44 av_one_fifth  avia-builder-el-7  el_after_av_one_fourth  el_before_av_one_half  first no_margin flex_column_div av-zero-column-padding column-top-margin'   ><div  class='av-social-sharing-box av-social-sharing-box-minimal   avia-builder-el-8  avia-builder-el-no-sibling  av-social-sharing-box-fullwidth '><div class=\"av-share-box\"><ul class=\"av-share-box-list noLightbox\"><li class='av-share-link av-social-link-facebook' ><a target=\"_blank\" aria-label=\"Partager sur Facebook\" href='https:\/\/www.facebook.com\/sharer.php?u=https:\/\/prologium.com\/fr\/evenement-de-mi-parcours-pour-la-concertation-prealable-prologium-et-rte-autour-du-projet-de-gigafactory-de-batteries-solides-dans-le-dunkerquois\/&#038;t=%C3%89V%C3%89NEMENT%20DE%20MI-PARCOURS%20POUR%20LA%20CONCERTATION%20PR%C3%89ALABLE%20PROLOGIUM%20ET%20RTE%20AUTOUR%20DU%20PROJET%20DE%20GIGAFACTORY%20DE%20BATTERIES%20SOLIDES%20DANS%20LE%20DUNKERQUOIS' aria-hidden='false' data-av_icon='\ue8f3' data-av_iconfont='entypo-fontello' title='' data-avia-related-tooltip='Partager sur Facebook' rel=\"noopener\"><span class='avia_hidden_link_text'>Partager sur Facebook<\/span><\/a><\/li><li class='av-share-link av-social-link-twitter' ><a target=\"_blank\" aria-label=\"Partager sur Twitter\" href='https:\/\/twitter.com\/share?text=%C3%89V%C3%89NEMENT%20DE%20MI-PARCOURS%20POUR%20LA%20CONCERTATION%20PR%C3%89ALABLE%20PROLOGIUM%20ET%20RTE%20AUTOUR%20DU%20PROJET%20DE%20GIGAFACTORY%20DE%20BATTERIES%20SOLIDES%20DANS%20LE%20DUNKERQUOIS&#038;url=https:\/\/prologium.com\/fr\/?p=15184' aria-hidden='false' data-av_icon='\ue8f1' data-av_iconfont='entypo-fontello' title='' data-avia-related-tooltip='Partager sur Twitter' rel=\"noopener\"><span class='avia_hidden_link_text'>Partager sur Twitter<\/span><\/a><\/li><li class='av-share-link av-social-link-linkedin' ><a target=\"_blank\" aria-label=\"Partager sur LinkedIn\" href='https:\/\/linkedin.com\/shareArticle?mini=true&#038;title=%C3%89V%C3%89NEMENT%20DE%20MI-PARCOURS%20POUR%20LA%20CONCERTATION%20PR%C3%89ALABLE%20PROLOGIUM%20ET%20RTE%20AUTOUR%20DU%20PROJET%20DE%20GIGAFACTORY%20DE%20BATTERIES%20SOLIDES%20DANS%20LE%20DUNKERQUOIS&#038;url=https:\/\/prologium.com\/fr\/evenement-de-mi-parcours-pour-la-concertation-prealable-prologium-et-rte-autour-du-projet-de-gigafactory-de-batteries-solides-dans-le-dunkerquois\/' aria-hidden='false' data-av_icon='\ue8fc' data-av_iconfont='entypo-fontello' title='' data-avia-related-tooltip='Partager sur LinkedIn' rel=\"noopener\"><span class='avia_hidden_link_text'>Partager sur LinkedIn<\/span><\/a><\/li><li class='av-share-link av-social-link-mail' ><a  aria-label=\"Partager par Mail\" href='mailto:?subject=%C3%89V%C3%89NEMENT%20DE%20MI-PARCOURS%20POUR%20LA%20CONCERTATION%20PR%C3%89ALABLE%20PROLOGIUM%20ET%20RTE%20AUTOUR%20DU%20PROJET%20DE%20GIGAFACTORY%20DE%20BATTERIES%20SOLIDES%20DANS%20LE%20DUNKERQUOIS&#038;body=https:\/\/prologium.com\/fr\/evenement-de-mi-parcours-pour-la-concertation-prealable-prologium-et-rte-autour-du-projet-de-gigafactory-de-batteries-solides-dans-le-dunkerquois\/' aria-hidden='false' data-av_icon='\ue805' data-av_iconfont='entypo-fontello' title='' data-avia-related-tooltip='Partager par Mail'><span class='avia_hidden_link_text'>Partager par Mail<\/span><\/a><\/li><\/ul><\/div><\/div><\/div>\n<style type=\"text\/css\" id=\"style-css-av-4oo1v00-30f4ee940697106cbc0f6e45e8e271f4\">\n#top .flex_column.av-4oo1v00-30f4ee940697106cbc0f6e45e8e271f4{\nborder-radius:0px;\n-webkit-border-radius:0px;\n-moz-border-radius:0px;\npadding:0px;\n}\n<\/style>\n<div class='flex_column av-4oo1v00-30f4ee940697106cbc0f6e45e8e271f4 av_one_half  avia-builder-el-9  el_after_av_one_fifth  avia-builder-el-last  no_margin flex_column_div av-zero-column-padding column-top-margin'   ><section class=\"av_textblock_section \"  itemscope=\"itemscope\" itemtype=\"https:\/\/schema.org\/BlogPosting\" itemprop=\"blogPost\" ><div class='avia_textblock  '   itemprop=\"text\" ><p style=\"text-align: center;\"><span style=\"color: #b99700;\">TABLES RONDES<\/span><br \/>\n<span style=\"color: #b99700;\">L\u2019AVENIR DE L\u2019ELECTROMOBILITE\u202f: ENJEUX, PERSPECTIVES ET LIMITES<\/span><br \/>\n<span style=\"color: #b99700;\">Conseil r\u00e9gionale de Lille, Mardi 17 octobre 2023, 18h-20h <\/span><\/p>\n<\/div><\/section><br \/>\n\n<style type=\"text\/css\" id=\"style-css-av-4ggxafk-ab55d1c87564ddde0da67db38336f1f6\">\n.avia-image-container.av-4ggxafk-ab55d1c87564ddde0da67db38336f1f6 .av-image-caption-overlay-center{\ncolor:#ffffff;\n}\n<\/style>\n<div  class='avia-image-container av-4ggxafk-ab55d1c87564ddde0da67db38336f1f6 av-styling- avia-align-center  avia-builder-el-11  el_after_av_textblock  el_before_av_codeblock  '  itemprop=\"image\" itemscope=\"itemscope\" itemtype=\"https:\/\/schema.org\/ImageObject\" ><div class=\"avia-image-container-inner\"><div class=\"avia-image-overlay-wrap\"><img class='wp-image-15230 avia-img-lazy-loading-not-15230 avia_image' src=\"https:\/\/prologium.com\/wp-content\/uploads\/2023\/10\/SoMe-visual_-V5_1-scaled.jpg\" alt='' title='SoMe visual_-V5_1'  height=\"2560\" width=\"2560\"  itemprop=\"thumbnailUrl\" srcset=\"https:\/\/prologium.com\/wp-content\/uploads\/2023\/10\/SoMe-visual_-V5_1-scaled.jpg 2560w, https:\/\/prologium.com\/wp-content\/uploads\/2023\/10\/SoMe-visual_-V5_1-200x200.jpg 200w, https:\/\/prologium.com\/wp-content\/uploads\/2023\/10\/SoMe-visual_-V5_1-1030x1030.jpg 1030w, https:\/\/prologium.com\/wp-content\/uploads\/2023\/10\/SoMe-visual_-V5_1-80x80.jpg 80w, https:\/\/prologium.com\/wp-content\/uploads\/2023\/10\/SoMe-visual_-V5_1-768x768.jpg 768w, https:\/\/prologium.com\/wp-content\/uploads\/2023\/10\/SoMe-visual_-V5_1-1536x1536.jpg 1536w, https:\/\/prologium.com\/wp-content\/uploads\/2023\/10\/SoMe-visual_-V5_1-2048x2048.jpg 2048w, https:\/\/prologium.com\/wp-content\/uploads\/2023\/10\/SoMe-visual_-V5_1-36x36.jpg 36w, https:\/\/prologium.com\/wp-content\/uploads\/2023\/10\/SoMe-visual_-V5_1-180x180.jpg 180w, https:\/\/prologium.com\/wp-content\/uploads\/2023\/10\/SoMe-visual_-V5_1-1500x1500.jpg 1500w, https:\/\/prologium.com\/wp-content\/uploads\/2023\/10\/SoMe-visual_-V5_1-705x705.jpg 705w\" sizes=\"(max-width: 2560px) 100vw, 2560px\" \/><\/div><\/div><\/div><br \/>\n<br \/>\n<br \/>\n<section class=\"av_textblock_section \"  itemscope=\"itemscope\" itemtype=\"https:\/\/schema.org\/BlogPosting\" itemprop=\"blogPost\" ><div class='avia_textblock  '   itemprop=\"text\" ><p><span style=\"color: #b99700;\">Dunkerque, le 12 octobre 2023 &#8211;<\/span> La concertation pr\u00e9alable relative au projet de construction d&#8217;une gigafactory de batteries solides dans le Dunkerquois, port\u00e9e par ProLogium et RTE, se poursuit dans la r\u00e9gion des Hauts-de-France. A mi-parcours de cette concertation auront lieu deux tables rondes sur la mobilit\u00e9 \u00e9lectrique, le mardi 17 octobre au Conseil r\u00e9gional de Lille.<\/p>\n<\/div><\/section><br \/>\n<br \/>\n<br \/>\n<section class=\"av_textblock_section \"  itemscope=\"itemscope\" itemtype=\"https:\/\/schema.org\/BlogPosting\" itemprop=\"blogPost\" ><div class='avia_textblock  '   itemprop=\"text\" ><p>Depuis son lancement le 22 septembre dernier sous l&#8217;\u00e9gide de la Commission nationale du d\u00e9bat public (CNDP), ProLogium et RTE, le d\u00e9bat avec les habitants et les parties prenantes a port\u00e9 sur diverses th\u00e9matiques cruciales pour le territoire dunkerquois, notamment la formation et l&#8217;emploi,l\u2019impact environnemental du projet, le risque technologique, ou encore l&#8217;innovation et la rupture technologique dans le domaine de la mobilit\u00e9 \u00e9lectrique.<br \/>\nA mi-parcours de cette concertation pr\u00e9alable qui s\u2019ach\u00e8vera le 13 novembre prochain, un \u00e9v\u00e9nement est pr\u00e9vu le mardi 17 octobre de 18h \u00e0 20h, au Conseil r\u00e9gional de Lille : deux tables rondes successives sur la mobilit\u00e9 \u00e9lectrique, avec pour th\u00e8mes &#8220;Transition \u00e9nerg\u00e9tique : comment les territoires rel\u00e8vent-ils le d\u00e9fi de la d\u00e9carbonation ?&#8221; et &#8220;La voiture \u00e9lectrique : une solution face \u00e0 la fin des voitures thermiques ?&#8221;.<\/p>\n<\/div><\/section><br \/>\n<br \/>\n<br \/>\n<section class=\"av_textblock_section \"  itemscope=\"itemscope\" itemtype=\"https:\/\/schema.org\/BlogPosting\" itemprop=\"blogPost\" ><div class='avia_textblock  '   itemprop=\"text\" ><p>L\u2019\u00e9v\u00e9nement sera diffus\u00e9 en ligne et en direct, via <a href=\"https:\/\/us02web.zoom.us\/j\/89079369558\">ce lien<\/a>. Les participants \u00e0 distance pourront \u00e9galement intervenir et poser leurs questions.Ces tables rondes r\u00e9uniront des acteurs de premier plan de la transition \u00e9nerg\u00e9tique et de la mobilit\u00e9 \u00e9lectrique, dont :<\/p>\n<ul>\n<li>Gilles NORMAND, pr\u00e9sident de ProLogium Europe<\/li>\n<li>Aur\u00e9lien GAY, d\u00e9l\u00e9gu\u00e9 interminist\u00e9riel adjoint aux m\u00e9taux strat\u00e9giques<\/li>\n<li>Fr\u00e9d\u00e9ric MOTTE, Conseiller R\u00e9gional des Hauts-de-France, Pr\u00e9sident de la mission REV3<\/li>\n<li>Paulo-Serge LOPEZ, pr\u00e9sident de l&#8217;association Virage \u00c9nergie<\/li>\n<li>Nicolas BALLAND, D\u00e9l\u00e9gu\u00e9 territorial R&amp;D et innovation, ARIA<\/li>\n<li>Philippe DEGOBERT, Directeur du campus Arts et M\u00e9tiers de Lille et du Mast\u00e8re Sp\u00e9cialis\u00e9<\/li>\n<li>Manager de projet en IRVE (Infrastructures de Recharge, V\u00e9hicules Electriques et Autonomes)<\/li>\n<li>Serge MARTIN, D\u00e9l\u00e9gu\u00e9 territorial, Direction territoriale Nord, ENEDIS<\/li>\n<li>Pascal DERACHE, Directeur de projets en concertation, RTE<\/li>\n<li>Philippe DI BONO, P\u00f4le Prospective du Syst\u00e8me Electrique, RTE<\/li>\n<\/ul>\n<\/div><\/section><br \/>\n<br \/>\n<br \/>\n<section class=\"av_textblock_section \"  itemscope=\"itemscope\" itemtype=\"https:\/\/schema.org\/BlogPosting\" itemprop=\"blogPost\" ><div class='avia_textblock  '   itemprop=\"text\" ><p>Cette r\u00e9union, ouverte au public, se tiendra en pr\u00e9sence des garants de la CNDP, Anne-Marie Royal et Jean-Louis Laure, afin de garantir transparence,participation vari\u00e9e et \u00e9quilibr\u00e9e, int\u00e9grit\u00e9 des d\u00e9bats.<br \/>\nLes garants sont disponibles pour r\u00e9pondre \u00e0 toute question sur la proc\u00e9dure en cours : Mme AnneMarie Royal &#8211; <a href=\"mailto:anne-marie.royal@garant-cndp.fr\">anne-marie.royal@garant-cndp.fr <\/a>; M. Jean-Louis Laure &#8211; <a href=\"mailto:jean-louis.laure@garantcndp.fr\">jean-louis.laure@garantcndp.fr<\/a>.<\/p>\n<\/div><\/section><br \/>\n<section class=\"av_textblock_section \"  itemscope=\"itemscope\" itemtype=\"https:\/\/schema.org\/BlogPosting\" itemprop=\"blogPost\" ><div class='avia_textblock  '   itemprop=\"text\" ><p>La concertation pr\u00e9alable reste ouverte au public jusqu&#8217;au 13 novembre 2023 inclus. Pour s&#8217;informer sur le projet et contribuer, tous les int\u00e9ress\u00e9s sont invit\u00e9s \u00e0 se rendre <a href=\"https:\/\/colidee.com\/o156p669\">sur le site internet d\u00e9di\u00e9<\/a>.<\/p>\n<\/div><\/section><br \/>\n<br \/>\n<div  class='hr av-42rpswg-e65ea8899f9d8442d096e50c988d5ee7 hr-short  avia-builder-el-26  el_after_av_codeblock  el_before_av_textblock  hr-center '><span class='hr-inner '><span class=\"hr-inner-style\"><\/span><\/span><\/div><br \/>\n<section class=\"av_textblock_section \"  itemscope=\"itemscope\" itemtype=\"https:\/\/schema.org\/BlogPosting\" itemprop=\"blogPost\" ><div class='avia_textblock  '   itemprop=\"text\" ><p><u>\u00c0 propos de ProLogium\u00a0:<\/u><br \/>\nFond\u00e9e en 2006 par Vincent Yang, ProLogium est une soci\u00e9t\u00e9 d&#8217;innovation du secteur de l&#8217;\u00e9nergie sp\u00e9cialis\u00e9e dans la R&amp;D et la fabrication de solutions de batteries nouvelle g\u00e9n\u00e9ration pour les v\u00e9hicules \u00e9lectriques. ProLogium est actuellement le seul fabricant de batteries solides au monde \u00e0 avoir d\u00e9montr\u00e9 sa capacit\u00e9 de production de masse pour les \u00e9quipements \u00e9lectroniques grand public. Sa ligne exp\u00e9rimentale d\u2019\u00e9quipements automobiles d\u00e9butera sa phase de pr\u00e9production au cours du deuxi\u00e8me semestre 2023 \u00e0 Taoke. Ses technologies exclusives font l&#8217;objet de plus de 600 brevets dans le monde entier.<\/p>\n<p><u>\u00c0 propos de RTE\u00a0:<\/u><br \/>\nRTE, gestionnaire du r\u00e9seau de transport d\u2019\u00e9lectricit\u00e9 fran\u00e7ais, assure une mission de service public : garantir l\u2019alimentation en \u00e9lectricit\u00e9 \u00e0 tout moment et avec la m\u00eame qualit\u00e9 de service sur le territoire national gr\u00e2ce \u00e0 la mobilisation de ses 9500 salari\u00e9s. RTE g\u00e8re en temps r\u00e9el les flux \u00e9lectriques et l&#8217;\u00e9quilibre entre la production et la consommation. RTE maintient et d\u00e9veloppe le r\u00e9seau de haute et tr\u00e8s haute tension (de 63 000 \u00e0 400 000 volts) qui compte plus de 100\u00a0000 kilom\u00e8tres de lignes a\u00e9riennes, plus de 6\u00a0000 kilom\u00e8tres de lignes souterraines, 2\u00a0800 postes \u00e9lectriques en exploitation ou co-exploitation et 51 lignes transfrontali\u00e8res. Le r\u00e9seau fran\u00e7ais, qui est le plus \u00e9tendu d\u2019Europe, est interconnect\u00e9 avec 33 pays. En tant qu\u2019op\u00e9rateur industriel de la transition \u00e9nerg\u00e9tique, RTE optimise et transforme son r\u00e9seau pour raccorder les installations de production d\u2019\u00e9lectricit\u00e9 quels que soient les choix \u00e9nerg\u00e9tiques futurs. RTE, par son expertise et ses rapports, \u00e9claire les choix des pouvoirs publics.<\/p>\n<\/div><\/section><br \/>\n\n<style type=\"text\/css\" id=\"style-css-av-2v7fwc0-29f8badd5dd35a6ed0b0a909f4bce4cb\">\n.hr.av-2v7fwc0-29f8badd5dd35a6ed0b0a909f4bce4cb{\nheight:50px;\n}\n<\/style>\n<div  class='hr av-2v7fwc0-29f8badd5dd35a6ed0b0a909f4bce4cb hr-invisible  avia-builder-el-28  el_after_av_textblock  el_before_av_textblock  '><span class='hr-inner '><span class=\"hr-inner-style\"><\/span><\/span><\/div><br \/>\n<section class=\"av_textblock_section \"  itemscope=\"itemscope\" itemtype=\"https:\/\/schema.org\/BlogPosting\" itemprop=\"blogPost\" ><div class='avia_textblock  '   itemprop=\"text\" ><h6 style=\"text-align: center;\"><strong>ANNEXE \u2013 CALENDRIER : <\/strong><\/h6>\n<\/div><\/section><br \/>\n\n<style type=\"text\/css\" id=\"style-css-av-lnod20l7-f0254434d75e2363a0abb04f42fcf697\">\n.avia-image-container.av-lnod20l7-f0254434d75e2363a0abb04f42fcf697 .av-image-caption-overlay-center{\ncolor:#ffffff;\n}\n<\/style>\n<div  class='avia-image-container av-lnod20l7-f0254434d75e2363a0abb04f42fcf697 av-styling- avia-align-center  avia-builder-el-30  el_after_av_textblock  el_before_av_hr  '  itemprop=\"image\" itemscope=\"itemscope\" itemtype=\"https:\/\/schema.org\/ImageObject\" ><div class=\"avia-image-container-inner\"><div class=\"avia-image-overlay-wrap\"><img class='wp-image-15199 avia-img-lazy-loading-not-15199 avia_image' src=\"https:\/\/prologium.com\/wp-content\/uploads\/2023\/10\/123.png\" alt='' title='123'  height=\"866\" width=\"1232\"  itemprop=\"thumbnailUrl\" srcset=\"https:\/\/prologium.com\/wp-content\/uploads\/2023\/10\/123.png 1232w, https:\/\/prologium.com\/wp-content\/uploads\/2023\/10\/123-285x200.png 285w, https:\/\/prologium.com\/wp-content\/uploads\/2023\/10\/123-1030x724.png 1030w, https:\/\/prologium.com\/wp-content\/uploads\/2023\/10\/123-768x540.png 768w, https:\/\/prologium.com\/wp-content\/uploads\/2023\/10\/123-705x496.png 705w\" sizes=\"(max-width: 1232px) 100vw, 1232px\" \/><\/div><\/div><\/div><br \/>\n\n<style type=\"text\/css\" id=\"style-css-av-25g0zbk-e3b9a997a81ce5b551f3b9db07850972\">\n.hr.av-25g0zbk-e3b9a997a81ce5b551f3b9db07850972{\nheight:50px;\n}\n<\/style>\n<div  class='hr av-25g0zbk-e3b9a997a81ce5b551f3b9db07850972 hr-invisible  avia-builder-el-31  el_after_av_image  el_before_av_textblock  '><span class='hr-inner '><span class=\"hr-inner-style\"><\/span><\/span><\/div><br \/>\n<section class=\"av_textblock_section \"  itemscope=\"itemscope\" itemtype=\"https:\/\/schema.org\/BlogPosting\" itemprop=\"blogPost\" ><div class='avia_textblock  '   itemprop=\"text\" ><h6 style=\"text-align: center;\"><strong>ANNEXE \u2013 CALENDRIER : <\/strong><\/h6>\n<\/div><\/section><br \/>\n\n<style type=\"text\/css\" id=\"style-css-av-122z6eo-465e1cddfa73fa2c9e7d88f1ed67202a\">\n.hr.av-122z6eo-465e1cddfa73fa2c9e7d88f1ed67202a{\nheight:50px;\n}\n<\/style>\n<div  class='hr av-122z6eo-465e1cddfa73fa2c9e7d88f1ed67202a hr-invisible  avia-builder-el-33  el_after_av_textblock  el_before_av_textblock  '><span class='hr-inner '><span class=\"hr-inner-style\"><\/span><\/span><\/div><br \/>\n<section class=\"av_textblock_section \"  itemscope=\"itemscope\" itemtype=\"https:\/\/schema.org\/BlogPosting\" itemprop=\"blogPost\" ><div class='avia_textblock  '   itemprop=\"text\" ><h5><u><strong>Donner son avis sur le projet :<\/strong><\/u><\/h5>\n<ul style=\"list-style: none;\">\n<li style=\"list-style-type: none;\">\n<ul style=\"list-style: none;\">\n<li>\u27a4 En vous rendant sur le site internet du projet\u00a0:<a href=\"https:\/\/prologium.je-contribue.com\/\"> https:\/\/prologium.je-contribue.com\/<\/a><\/li>\n<li>\u27a4 En compl\u00e9tant les registres mis \u00e0 disposition du public dans les communes du p\u00e9rim\u00e8tre de la concertation (voir liste compl\u00e8te dans le dossier de concertation)<\/li>\n<\/ul>\n<\/li>\n<\/ul>\n<h5><u><strong>Par ailleurs, les ma\u00eetres d\u2019ouvrage et les garants seront \u00e9galement joignables\u00a0:<\/strong><\/u><\/h5>\n<h5><strong>Par courriel<\/strong><\/h5>\n<ul style=\"list-style: none;\">\n<li style=\"list-style-type: none;\">\n<ul style=\"list-style: none;\">\n<li>\u27a4 En envoyant un courriel \u00e0 Prologium\u00a0: <a href=\"mailto:concertation@prologium.com\">concertation@prologium.com<\/a><\/li>\n<li>\u27a4 En envoyant un courriel aux garants de la CNDP\u00a0: <a href=\"mailto:anne-marie.royal@garant-cndp.fr\">anne-marie.royal@garant-cndp.fr<\/a> , <a href=\"mailto:jean-louis.laure@garant-cndp.fr\">jean-louis.laure@garant-cndp.fr<\/a><\/li>\n<\/ul>\n<\/li>\n<\/ul>\n<h5><strong>Par courrier<\/strong><\/h5>\n<ul style=\"list-style: none;\">\n<li style=\"list-style-type: none;\">\n<ul style=\"list-style: none;\">\n<li>\u27a4 En envoyant un courrier \u00e0 ProLogium\u00a0: ProLogium, 11, avenue Delcass\u00e9, 75008 PARIS<\/li>\n<li>\u27a4 En envoyant un courrier \u00e0 la CNDP\u00a0: CNDP, 244, boulevard Saint-Germain, 75007 PARIS<\/li>\n<\/ul>\n<\/li>\n<\/ul>\n<h5><u><strong>Pour rester inform\u00e9 des suites du projet, \u00e0 l\u2019issue de la concertation\u00a0: <\/strong><\/u><\/h5>\n<ul style=\"list-style: none;\">\n<li style=\"list-style-type: none;\">\n<ul style=\"list-style: none;\">\n<li>\u27a4 Le bilan des garants rendra compte de son d\u00e9roulement et des arguments \u00e9chang\u00e9s\u00a0;<\/li>\n<li>\u27a4 La r\u00e9ponse des ma\u00eetres d\u2019ouvrage \u00e0 ce bilan informera le public des enseignements qu\u2019ils retiennent de la concertation pour son projet de gigafactory.<\/li>\n<\/ul>\n<\/li>\n<\/ul>\n<\/div><\/section><\/p><\/div>\n<\/div><\/div><\/div><!-- close content main div --><\/div><\/div><div id='after_section_1'  class='main_color av_default_container_wrap container_wrap sidebar_right'  ><div class='container av-section-cont-open' ><div class='template-page content  av-content-small alpha units'><div class='post-entry post-entry-type-page post-entry-15184'><div class='entry-content-wrapper clearfix'>\n\n","protected":false},"excerpt":{"rendered":"","protected":false},"author":12,"featured_media":15230,"comment_status":"closed","ping_status":"open","sticky":false,"template":"","format":"standard","meta":[],"categories":[92],"tags":[],"yoast_head":"<!-- This site is optimized with the Yoast SEO plugin v16.8 - https:\/\/yoast.com\/wordpress\/plugins\/seo\/ -->\n<title>\u00c9V\u00c9NEMENT DE MI-PARCOURS POUR LA CONCERTATION PR\u00c9ALABLE PROLOGIUM ET RTE AUTOUR DU PROJET DE GIGAFACTORY DE BATTERIES SOLIDES DANS LE DUNKERQUOIS - ProLogium Technology Co., Ltd<\/title>\n<meta name=\"description\" content=\"La concertation pr\u00e9alable relative au projet de construction d&#039;unegigafactory de batteries solides dans le Dunkerquois, port\u00e9e par ProLogium et RTE, se poursuit dansla r\u00e9gion des Hauts-de-France. A mi-parcours de cette concertation auront lieu deux tables rondessur la mobilit\u00e9 \u00e9lectrique, le mardi 17 octobre au Conseil r\u00e9gional de Lille.\" \/>\n<meta name=\"robots\" content=\"index, follow, max-snippet:-1, max-image-preview:large, max-video-preview:-1\" \/>\n<link rel=\"canonical\" href=\"https:\/\/prologium.com\/fr\/evenement-de-mi-parcours-pour-la-concertation-prealable-prologium-et-rte-autour-du-projet-de-gigafactory-de-batteries-solides-dans-le-dunkerquois\/\" \/>\n<meta property=\"og:locale\" content=\"fr_FR\" \/>\n<meta property=\"og:type\" content=\"article\" \/>\n<meta property=\"og:title\" content=\"\u00c9V\u00c9NEMENT DE MI-PARCOURS POUR LA CONCERTATION PR\u00c9ALABLE PROLOGIUM ET RTE AUTOUR DU PROJET DE GIGAFACTORY DE BATTERIES SOLIDES DANS LE DUNKERQUOIS - ProLogium Technology Co., Ltd\" \/>\n<meta property=\"og:description\" content=\"La concertation pr\u00e9alable relative au projet de construction d&#039;unegigafactory de batteries solides dans le Dunkerquois, port\u00e9e par ProLogium et RTE, se poursuit dansla r\u00e9gion des Hauts-de-France. A mi-parcours de cette concertation auront lieu deux tables rondessur la mobilit\u00e9 \u00e9lectrique, le mardi 17 octobre au Conseil r\u00e9gional de Lille.\" \/>\n<meta property=\"og:url\" content=\"https:\/\/prologium.com\/fr\/evenement-de-mi-parcours-pour-la-concertation-prealable-prologium-et-rte-autour-du-projet-de-gigafactory-de-batteries-solides-dans-le-dunkerquois\/\" \/>\n<meta property=\"og:site_name\" content=\"ProLogium Technology Co., Ltd\" \/>\n<meta property=\"article:published_time\" content=\"2023-10-13T08:47:41+00:00\" \/>\n<meta property=\"article:modified_time\" content=\"2024-05-12T14:44:01+00:00\" \/>\n<meta property=\"og:image\" content=\"https:\/\/prologium.com\/wp-content\/uploads\/2023\/10\/SoMe-visual_-V5_1-1030x1030.jpg\" \/>\n\t<meta property=\"og:image:width\" content=\"1030\" \/>\n\t<meta property=\"og:image:height\" content=\"1030\" \/>\n<meta name=\"twitter:card\" content=\"summary\" \/>\n<meta name=\"twitter:label1\" content=\"\u00c9crit par\" \/>\n\t<meta name=\"twitter:data1\" content=\"media\" \/>\n\t<meta name=\"twitter:label2\" content=\"Dur\u00e9e de lecture est.\" \/>\n\t<meta name=\"twitter:data2\" content=\"8 minutes\" \/>\n<script type=\"application\/ld+json\" class=\"yoast-schema-graph\">{\"@context\":\"https:\/\/schema.org\",\"@graph\":[{\"@type\":\"WebSite\",\"@id\":\"https:\/\/prologium.com\/#website\",\"url\":\"https:\/\/prologium.com\/\",\"name\":\"ProLogium Technology Co., Ltd\",\"description\":\"\",\"potentialAction\":[{\"@type\":\"SearchAction\",\"target\":{\"@type\":\"EntryPoint\",\"urlTemplate\":\"https:\/\/prologium.com\/?s={search_term_string}\"},\"query-input\":\"required name=search_term_string\"}],\"inLanguage\":\"fr-FR\"},{\"@type\":\"ImageObject\",\"@id\":\"https:\/\/prologium.com\/fr\/evenement-de-mi-parcours-pour-la-concertation-prealable-prologium-et-rte-autour-du-projet-de-gigafactory-de-batteries-solides-dans-le-dunkerquois\/#primaryimage\",\"inLanguage\":\"fr-FR\",\"url\":\"https:\/\/prologium.com\/wp-content\/uploads\/2023\/10\/SoMe-visual_-V5_1-scaled.jpg\",\"contentUrl\":\"https:\/\/prologium.com\/wp-content\/uploads\/2023\/10\/SoMe-visual_-V5_1-scaled.jpg\",\"width\":2560,\"height\":2560},{\"@type\":\"WebPage\",\"@id\":\"https:\/\/prologium.com\/fr\/evenement-de-mi-parcours-pour-la-concertation-prealable-prologium-et-rte-autour-du-projet-de-gigafactory-de-batteries-solides-dans-le-dunkerquois\/#webpage\",\"url\":\"https:\/\/prologium.com\/fr\/evenement-de-mi-parcours-pour-la-concertation-prealable-prologium-et-rte-autour-du-projet-de-gigafactory-de-batteries-solides-dans-le-dunkerquois\/\",\"name\":\"\\u00c9V\\u00c9NEMENT DE MI-PARCOURS POUR LA CONCERTATION PR\\u00c9ALABLE PROLOGIUM ET RTE AUTOUR DU PROJET DE GIGAFACTORY DE BATTERIES SOLIDES DANS LE DUNKERQUOIS - ProLogium Technology Co., Ltd\",\"isPartOf\":{\"@id\":\"https:\/\/prologium.com\/#website\"},\"primaryImageOfPage\":{\"@id\":\"https:\/\/prologium.com\/fr\/evenement-de-mi-parcours-pour-la-concertation-prealable-prologium-et-rte-autour-du-projet-de-gigafactory-de-batteries-solides-dans-le-dunkerquois\/#primaryimage\"},\"datePublished\":\"2023-10-13T08:47:41+00:00\",\"dateModified\":\"2024-05-12T14:44:01+00:00\",\"author\":{\"@id\":\"https:\/\/prologium.com\/#\/schema\/person\/53f01422b85307bba178055a8de0cf6d\"},\"description\":\"La concertation pr\\u00e9alable relative au projet de construction d'unegigafactory de batteries solides dans le Dunkerquois, port\\u00e9e par ProLogium et RTE, se poursuit dansla r\\u00e9gion des Hauts-de-France. A mi-parcours de cette concertation auront lieu deux tables rondessur la mobilit\\u00e9 \\u00e9lectrique, le mardi 17 octobre au Conseil r\\u00e9gional de Lille.\",\"breadcrumb\":{\"@id\":\"https:\/\/prologium.com\/fr\/evenement-de-mi-parcours-pour-la-concertation-prealable-prologium-et-rte-autour-du-projet-de-gigafactory-de-batteries-solides-dans-le-dunkerquois\/#breadcrumb\"},\"inLanguage\":\"fr-FR\",\"potentialAction\":[{\"@type\":\"ReadAction\",\"target\":[\"https:\/\/prologium.com\/fr\/evenement-de-mi-parcours-pour-la-concertation-prealable-prologium-et-rte-autour-du-projet-de-gigafactory-de-batteries-solides-dans-le-dunkerquois\/\"]}]},{\"@type\":\"BreadcrumbList\",\"@id\":\"https:\/\/prologium.com\/fr\/evenement-de-mi-parcours-pour-la-concertation-prealable-prologium-et-rte-autour-du-projet-de-gigafactory-de-batteries-solides-dans-le-dunkerquois\/#breadcrumb\",\"itemListElement\":[{\"@type\":\"ListItem\",\"position\":1,\"name\":\"\\u9996\\u9801\",\"item\":\"https:\/\/prologium.com\/fr\/index\/\"},{\"@type\":\"ListItem\",\"position\":2,\"name\":\"\\u00c9V\\u00c9NEMENT DE MI-PARCOURS POUR LA CONCERTATION PR\\u00c9ALABLE PROLOGIUM ET RTE AUTOUR DU PROJET DE GIGAFACTORY DE BATTERIES SOLIDES DANS LE DUNKERQUOIS\"}]},{\"@type\":\"Person\",\"@id\":\"https:\/\/prologium.com\/#\/schema\/person\/53f01422b85307bba178055a8de0cf6d\",\"name\":\"media\",\"image\":{\"@type\":\"ImageObject\",\"@id\":\"https:\/\/prologium.com\/#personlogo\",\"inLanguage\":\"fr-FR\",\"url\":\"https:\/\/secure.gravatar.com\/avatar\/fc3075c080f34d5e56e30cd1f004f034?s=96&d=mm&r=g\",\"contentUrl\":\"https:\/\/secure.gravatar.com\/avatar\/fc3075c080f34d5e56e30cd1f004f034?s=96&d=mm&r=g\",\"caption\":\"media\"},\"url\":\"https:\/\/prologium.com\/fr\/author\/media\/\"}]}<\/script>\n<!-- \/ Yoast SEO plugin. -->","yoast_head_json":{"title":"\u00c9V\u00c9NEMENT DE MI-PARCOURS POUR LA CONCERTATION PR\u00c9ALABLE PROLOGIUM ET RTE AUTOUR DU PROJET DE GIGAFACTORY DE BATTERIES SOLIDES DANS LE DUNKERQUOIS - ProLogium Technology Co., Ltd","description":"La concertation pr\u00e9alable relative au projet de construction d'unegigafactory de batteries solides dans le Dunkerquois, port\u00e9e par ProLogium et RTE, se poursuit dansla r\u00e9gion des Hauts-de-France. A mi-parcours de cette concertation auront lieu deux tables rondessur la mobilit\u00e9 \u00e9lectrique, le mardi 17 octobre au Conseil r\u00e9gional de Lille.","robots":{"index":"index","follow":"follow","max-snippet":"max-snippet:-1","max-image-preview":"max-image-preview:large","max-video-preview":"max-video-preview:-1"},"canonical":"https:\/\/prologium.com\/fr\/evenement-de-mi-parcours-pour-la-concertation-prealable-prologium-et-rte-autour-du-projet-de-gigafactory-de-batteries-solides-dans-le-dunkerquois\/","og_locale":"fr_FR","og_type":"article","og_title":"\u00c9V\u00c9NEMENT DE MI-PARCOURS POUR LA CONCERTATION PR\u00c9ALABLE PROLOGIUM ET RTE AUTOUR DU PROJET DE GIGAFACTORY DE BATTERIES SOLIDES DANS LE DUNKERQUOIS - ProLogium Technology Co., Ltd","og_description":"La concertation pr\u00e9alable relative au projet de construction d'unegigafactory de batteries solides dans le Dunkerquois, port\u00e9e par ProLogium et RTE, se poursuit dansla r\u00e9gion des Hauts-de-France. A mi-parcours de cette concertation auront lieu deux tables rondessur la mobilit\u00e9 \u00e9lectrique, le mardi 17 octobre au Conseil r\u00e9gional de Lille.","og_url":"https:\/\/prologium.com\/fr\/evenement-de-mi-parcours-pour-la-concertation-prealable-prologium-et-rte-autour-du-projet-de-gigafactory-de-batteries-solides-dans-le-dunkerquois\/","og_site_name":"ProLogium Technology Co., Ltd","article_published_time":"2023-10-13T08:47:41+00:00","article_modified_time":"2024-05-12T14:44:01+00:00","og_image":[{"width":1030,"height":1030,"path":"2023\/10\/SoMe-visual_-V5_1-1030x1030.jpg","url":"https:\/\/prologium.com\/wp-content\/uploads\/2023\/10\/SoMe-visual_-V5_1-1030x1030.jpg","size":"large","id":15230,"alt":"","pixels":1060900,"type":"image\/jpeg"}],"twitter_card":"summary","twitter_misc":{"\u00c9crit par":"media","Dur\u00e9e de lecture est.":"8 minutes"},"schema":{"@context":"https:\/\/schema.org","@graph":[{"@type":"WebSite","@id":"https:\/\/prologium.com\/#website","url":"https:\/\/prologium.com\/","name":"ProLogium Technology Co., Ltd","description":"","potentialAction":[{"@type":"SearchAction","target":{"@type":"EntryPoint","urlTemplate":"https:\/\/prologium.com\/?s={search_term_string}"},"query-input":"required name=search_term_string"}],"inLanguage":"fr-FR"},{"@type":"ImageObject","@id":"https:\/\/prologium.com\/fr\/evenement-de-mi-parcours-pour-la-concertation-prealable-prologium-et-rte-autour-du-projet-de-gigafactory-de-batteries-solides-dans-le-dunkerquois\/#primaryimage","inLanguage":"fr-FR","url":"https:\/\/prologium.com\/wp-content\/uploads\/2023\/10\/SoMe-visual_-V5_1-scaled.jpg","contentUrl":"https:\/\/prologium.com\/wp-content\/uploads\/2023\/10\/SoMe-visual_-V5_1-scaled.jpg","width":2560,"height":2560},{"@type":"WebPage","@id":"https:\/\/prologium.com\/fr\/evenement-de-mi-parcours-pour-la-concertation-prealable-prologium-et-rte-autour-du-projet-de-gigafactory-de-batteries-solides-dans-le-dunkerquois\/#webpage","url":"https:\/\/prologium.com\/fr\/evenement-de-mi-parcours-pour-la-concertation-prealable-prologium-et-rte-autour-du-projet-de-gigafactory-de-batteries-solides-dans-le-dunkerquois\/","name":"\u00c9V\u00c9NEMENT DE MI-PARCOURS POUR LA CONCERTATION PR\u00c9ALABLE PROLOGIUM ET RTE AUTOUR DU PROJET DE GIGAFACTORY DE BATTERIES SOLIDES DANS LE DUNKERQUOIS - ProLogium Technology Co., Ltd","isPartOf":{"@id":"https:\/\/prologium.com\/#website"},"primaryImageOfPage":{"@id":"https:\/\/prologium.com\/fr\/evenement-de-mi-parcours-pour-la-concertation-prealable-prologium-et-rte-autour-du-projet-de-gigafactory-de-batteries-solides-dans-le-dunkerquois\/#primaryimage"},"datePublished":"2023-10-13T08:47:41+00:00","dateModified":"2024-05-12T14:44:01+00:00","author":{"@id":"https:\/\/prologium.com\/#\/schema\/person\/53f01422b85307bba178055a8de0cf6d"},"description":"La concertation pr\u00e9alable relative au projet de construction d'unegigafactory de batteries solides dans le Dunkerquois, port\u00e9e par ProLogium et RTE, se poursuit dansla r\u00e9gion des Hauts-de-France. A mi-parcours de cette concertation auront lieu deux tables rondessur la mobilit\u00e9 \u00e9lectrique, le mardi 17 octobre au Conseil r\u00e9gional de Lille.","breadcrumb":{"@id":"https:\/\/prologium.com\/fr\/evenement-de-mi-parcours-pour-la-concertation-prealable-prologium-et-rte-autour-du-projet-de-gigafactory-de-batteries-solides-dans-le-dunkerquois\/#breadcrumb"},"inLanguage":"fr-FR","potentialAction":[{"@type":"ReadAction","target":["https:\/\/prologium.com\/fr\/evenement-de-mi-parcours-pour-la-concertation-prealable-prologium-et-rte-autour-du-projet-de-gigafactory-de-batteries-solides-dans-le-dunkerquois\/"]}]},{"@type":"BreadcrumbList","@id":"https:\/\/prologium.com\/fr\/evenement-de-mi-parcours-pour-la-concertation-prealable-prologium-et-rte-autour-du-projet-de-gigafactory-de-batteries-solides-dans-le-dunkerquois\/#breadcrumb","itemListElement":[{"@type":"ListItem","position":1,"name":"\u9996\u9801","item":"https:\/\/prologium.com\/fr\/index\/"},{"@type":"ListItem","position":2,"name":"\u00c9V\u00c9NEMENT DE MI-PARCOURS POUR LA CONCERTATION PR\u00c9ALABLE PROLOGIUM ET RTE AUTOUR DU PROJET DE GIGAFACTORY DE BATTERIES SOLIDES DANS LE DUNKERQUOIS"}]},{"@type":"Person","@id":"https:\/\/prologium.com\/#\/schema\/person\/53f01422b85307bba178055a8de0cf6d","name":"media","image":{"@type":"ImageObject","@id":"https:\/\/prologium.com\/#personlogo","inLanguage":"fr-FR","url":"https:\/\/secure.gravatar.com\/avatar\/fc3075c080f34d5e56e30cd1f004f034?s=96&d=mm&r=g","contentUrl":"https:\/\/secure.gravatar.com\/avatar\/fc3075c080f34d5e56e30cd1f004f034?s=96&d=mm&r=g","caption":"media"},"url":"https:\/\/prologium.com\/fr\/author\/media\/"}]}},"_links":{"self":[{"href":"https:\/\/prologium.com\/fr\/wp-json\/wp\/v2\/posts\/15184"}],"collection":[{"href":"https:\/\/prologium.com\/fr\/wp-json\/wp\/v2\/posts"}],"about":[{"href":"https:\/\/prologium.com\/fr\/wp-json\/wp\/v2\/types\/post"}],"author":[{"embeddable":true,"href":"https:\/\/prologium.com\/fr\/wp-json\/wp\/v2\/users\/12"}],"replies":[{"embeddable":true,"href":"https:\/\/prologium.com\/fr\/wp-json\/wp\/v2\/comments?post=15184"}],"version-history":[{"count":23,"href":"https:\/\/prologium.com\/fr\/wp-json\/wp\/v2\/posts\/15184\/revisions"}],"predecessor-version":[{"id":15236,"href":"https:\/\/prologium.com\/fr\/wp-json\/wp\/v2\/posts\/15184\/revisions\/15236"}],"wp:featuredmedia":[{"embeddable":true,"href":"https:\/\/prologium.com\/fr\/wp-json\/wp\/v2\/media\/15230"}],"wp:attachment":[{"href":"https:\/\/prologium.com\/fr\/wp-json\/wp\/v2\/media?parent=15184"}],"wp:term":[{"taxonomy":"category","embeddable":true,"href":"https:\/\/prologium.com\/fr\/wp-json\/wp\/v2\/categories?post=15184"},{"taxonomy":"post_tag","embeddable":true,"href":"https:\/\/prologium.com\/fr\/wp-json\/wp\/v2\/tags?post=15184"}],"curies":[{"name":"wp","href":"https:\/\/api.w.org\/{rel}","templated":true}]}}