{"id":13666,"date":"2023-05-16T18:03:59","date_gmt":"2023-05-16T10:03:59","guid":{"rendered":"https:\/\/prologium.com\/?p=13666"},"modified":"2024-05-12T22:49:05","modified_gmt":"2024-05-12T14:49:05","slug":"vincent-yang-fondateur-et-ceo-de-prologium-invite-par-le-president-de-la-republique-emmanuel-macron-au-sommet-choose-france-apres-avoir-annonce-un-investissement-de-52-milliards-deuros","status":"publish","type":"post","link":"https:\/\/prologium.com\/fr\/vincent-yang-fondateur-et-ceo-de-prologium-invite-par-le-president-de-la-republique-emmanuel-macron-au-sommet-choose-france-apres-avoir-annonce-un-investissement-de-52-milliards-deuros\/","title":{"rendered":"VINCENT YANG, FONDATEUR ET CEO DE PROLOGIUM INVIT\u00c9 PAR LE PR\u00c9SIDENT DE LA R\u00c9PUBLIQUE EMMANUEL MACRON AU SOMMET CHOOSE FRANCE APR\u00c8S AVOIR ANNONC\u00c9 UN INVESTISSEMENT DE 5,2 MILLIARDS D\u2019EUROS"},"content":{"rendered":"<div id='full_slider_1'  class='avia-fullwidth-slider main_color avia-shadow   avia-builder-el-0  el_before_av_section  avia-builder-el-first   container_wrap sidebar_right'  ><div   data-size='no scaling'  data-lightbox_size='large'  data-animation='slide'  data-conditional_play=''  data-ids='16673'  data-video_counter='0'  data-autoplay='false'  data-bg_slider='false'  data-slide_height=''  data-handle='av_slideshow_full'  data-interval='5'  data-class=' '  data-el_id=''  data-css_id=''  data-scroll_down=''  data-control_layout='av-control-default'  data-custom_markup=''  data-perma_caption=''  data-autoplay_stopper=''  data-image_attachment=''  data-min_height='350px'  data-lazy_loading='disabled'  data-src=''  data-position='top left'  data-repeat='no-repeat'  data-attach='scroll'  data-stretch=''  class='avia-slideshow avia-slideshow-1  av-control-default av-default-height-applied avia-slideshow-no scaling av_slideshow_full   avia-slide-slider '  itemprop=\"image\" itemscope=\"itemscope\" itemtype=\"https:\/\/schema.org\/ImageObject\" ><ul class='avia-slideshow-inner ' style='padding-bottom: 42.395833333333%;' ><li  class=' av-single-slide slide-1 ' ><div data-rel='slideshow-1' class='avia-slide-wrap '   ><img class=\"wp-image-16673 avia-img-lazy-loading-not-16673\"  src=\"https:\/\/prologium.com\/wp-content\/uploads\/2024\/05\/News-0512.png\" width=\"1920\" height=\"814\" title='News-0512' alt=''  itemprop=\"thumbnailUrl\"  style='min-height:350px; min-width:826px; ' srcset=\"https:\/\/prologium.com\/wp-content\/uploads\/2024\/05\/News-0512.png 1920w, https:\/\/prologium.com\/wp-content\/uploads\/2024\/05\/News-0512-300x127.png 300w, https:\/\/prologium.com\/wp-content\/uploads\/2024\/05\/News-0512-1030x437.png 1030w, https:\/\/prologium.com\/wp-content\/uploads\/2024\/05\/News-0512-768x326.png 768w, https:\/\/prologium.com\/wp-content\/uploads\/2024\/05\/News-0512-1536x651.png 1536w, https:\/\/prologium.com\/wp-content\/uploads\/2024\/05\/News-0512-1500x636.png 1500w, https:\/\/prologium.com\/wp-content\/uploads\/2024\/05\/News-0512-705x299.png 705w\" sizes=\"(max-width: 1920px) 100vw, 1920px\" \/><\/div><\/li><\/ul><\/div><\/div>\n<div id='av_section_1'  class='avia-section av-4i9a7r6-2b9bf4b62afab357b819ec291cae03cf alternate_color avia-section-default avia-no-border-styling  avia-builder-el-1  el_after_av_slideshow_full  avia-builder-el-last  avia-bg-style-scroll  container_wrap sidebar_right'  ><div class='container av-section-cont-open' ><div class='template-page content  av-content-small alpha units'><div class='post-entry post-entry-type-page post-entry-13666'><div class='entry-content-wrapper clearfix'>\n\n<style type=\"text\/css\" id=\"style-css-av-411dooy-ef74f14648307785a0b6afa14f8f581a\">\n#top .flex_column.av-411dooy-ef74f14648307785a0b6afa14f8f581a{\nborder-radius:0px;\n-webkit-border-radius:0px;\n-moz-border-radius:0px;\npadding:0px;\n}\n<\/style>\n<div class='flex_column av-411dooy-ef74f14648307785a0b6afa14f8f581a av_three_fourth  avia-builder-el-2  el_before_av_one_fourth  avia-builder-el-first  first flex_column_div av-zero-column-padding '   ><p><section class=\"av_textblock_section \"  itemscope=\"itemscope\" itemtype=\"https:\/\/schema.org\/BlogPosting\" itemprop=\"blogPost\" ><div class='avia_textblock  av_inherit_color '  style='color:#0870d4; '  itemprop=\"text\" ><p><strong>Press Releases\/ Announcement<\/strong><\/p>\n<\/div><\/section><br \/>\n\n<style type=\"text\/css\" id=\"style-css-av-ll3jzame-e1b7a61ebd75fcad80272e38227a7726\">\n#top .av-special-heading.av-ll3jzame-e1b7a61ebd75fcad80272e38227a7726{\npadding-bottom:10px;\n}\n.av-special-heading.av-ll3jzame-e1b7a61ebd75fcad80272e38227a7726 .av-subheading{\nfont-size:15px;\n}\n<\/style>\n<div  class='av-special-heading av-ll3jzame-e1b7a61ebd75fcad80272e38227a7726 av-special-heading-h2 blockquote modern-quote  avia-builder-el-4  el_after_av_textblock  avia-builder-el-last  av-linked-heading '><h2 class='av-special-heading-tag '  itemprop=\"headline\"  >VINCENT YANG, FONDATEUR ET CEO DE PROLOGIUM INVIT\u00c9 PAR LE PR\u00c9SIDENT DE LA R\u00c9PUBLIQUE EMMANUEL MACRON AU SOMMET CHOOSE FRANCE APR\u00c8S AVOIR ANNONC\u00c9 UN INVESTISSEMENT DE 5,2 MILLIARDS D\u2019EUROS<\/h2><div class='av-subheading av-subheading_below '><p style=\"line-height: 10px; color: #0870d4 !important;\">presse d&#8217;information<\/p>\n<p style=\"line-height: 10px; color: #18273b !important;\">mai 16 2023<\/p>\n<\/div><div class='special-heading-border'><div class='special-heading-inner-border'><\/div><\/div><\/div><\/p><\/div>\n<style type=\"text\/css\" id=\"style-css-av-2yi1ev6-0fe5b23404ed8c4a90a970a74cff7875\">\n#top .flex_column.av-2yi1ev6-0fe5b23404ed8c4a90a970a74cff7875{\nborder-radius:0px;\n-webkit-border-radius:0px;\n-moz-border-radius:0px;\npadding:0px;\n}\n<\/style>\n<div class='flex_column av-2yi1ev6-0fe5b23404ed8c4a90a970a74cff7875 av_one_fourth  avia-builder-el-5  el_after_av_three_fourth  el_before_av_one_fifth  flex_column_div av-zero-column-padding '   ><\/div>\n<style type=\"text\/css\" id=\"style-css-av-6tygjm-a6741110ae2ec2f9b2ee704ff212e5cb\">\n#top .flex_column.av-6tygjm-a6741110ae2ec2f9b2ee704ff212e5cb{\nborder-radius:0px;\n-webkit-border-radius:0px;\n-moz-border-radius:0px;\npadding:0px;\n}\n<\/style>\n<div class='flex_column av-6tygjm-a6741110ae2ec2f9b2ee704ff212e5cb av_one_fifth  avia-builder-el-7  el_after_av_one_fourth  el_before_av_one_half  first no_margin flex_column_div av-zero-column-padding column-top-margin'   ><div  class='av-social-sharing-box av-social-sharing-box-minimal   avia-builder-el-8  avia-builder-el-no-sibling  av-social-sharing-box-fullwidth '><div class=\"av-share-box\"><ul class=\"av-share-box-list noLightbox\"><li class='av-share-link av-social-link-facebook' ><a target=\"_blank\" aria-label=\"Partager sur Facebook\" href='https:\/\/www.facebook.com\/sharer.php?u=https:\/\/prologium.com\/fr\/vincent-yang-fondateur-et-ceo-de-prologium-invite-par-le-president-de-la-republique-emmanuel-macron-au-sommet-choose-france-apres-avoir-annonce-un-investissement-de-52-milliards-deuros\/&#038;t=VINCENT%20YANG%2C%20FONDATEUR%20ET%20CEO%20DE%20PROLOGIUM%20INVIT%C3%89%20PAR%20LE%20PR%C3%89SIDENT%20DE%20LA%20R%C3%89PUBLIQUE%20EMMANUEL%20MACRON%20AU%20SOMMET%20CHOOSE%20FRANCE%20APR%C3%88S%20AVOIR%20ANNONC%C3%89%20UN%20INVESTISSEMENT%20DE%205%2C2%20MILLIARDS%20D%E2%80%99EUROS' aria-hidden='false' data-av_icon='\ue8f3' data-av_iconfont='entypo-fontello' title='' data-avia-related-tooltip='Partager sur Facebook' rel=\"noopener\"><span class='avia_hidden_link_text'>Partager sur Facebook<\/span><\/a><\/li><li class='av-share-link av-social-link-twitter' ><a target=\"_blank\" aria-label=\"Partager sur Twitter\" href='https:\/\/twitter.com\/share?text=VINCENT%20YANG%2C%20FONDATEUR%20ET%20CEO%20DE%20PROLOGIUM%20INVIT%C3%89%20PAR%20LE%20PR%C3%89SIDENT%20DE%20LA%20R%C3%89PUBLIQUE%20EMMANUEL%20MACRON%20AU%20SOMMET%20CHOOSE%20FRANCE%20APR%C3%88S%20AVOIR%20ANNONC%C3%89%20UN%20INVESTISSEMENT%20DE%205%2C2%20MILLIARDS%20D%E2%80%99EUROS&#038;url=https:\/\/prologium.com\/fr\/?p=13666' aria-hidden='false' data-av_icon='\ue8f1' data-av_iconfont='entypo-fontello' title='' data-avia-related-tooltip='Partager sur Twitter' rel=\"noopener\"><span class='avia_hidden_link_text'>Partager sur Twitter<\/span><\/a><\/li><li class='av-share-link av-social-link-linkedin' ><a target=\"_blank\" aria-label=\"Partager sur LinkedIn\" href='https:\/\/linkedin.com\/shareArticle?mini=true&#038;title=VINCENT%20YANG%2C%20FONDATEUR%20ET%20CEO%20DE%20PROLOGIUM%20INVIT%C3%89%20PAR%20LE%20PR%C3%89SIDENT%20DE%20LA%20R%C3%89PUBLIQUE%20EMMANUEL%20MACRON%20AU%20SOMMET%20CHOOSE%20FRANCE%20APR%C3%88S%20AVOIR%20ANNONC%C3%89%20UN%20INVESTISSEMENT%20DE%205%2C2%20MILLIARDS%20D%E2%80%99EUROS&#038;url=https:\/\/prologium.com\/fr\/vincent-yang-fondateur-et-ceo-de-prologium-invite-par-le-president-de-la-republique-emmanuel-macron-au-sommet-choose-france-apres-avoir-annonce-un-investissement-de-52-milliards-deuros\/' aria-hidden='false' data-av_icon='\ue8fc' data-av_iconfont='entypo-fontello' title='' data-avia-related-tooltip='Partager sur LinkedIn' rel=\"noopener\"><span class='avia_hidden_link_text'>Partager sur LinkedIn<\/span><\/a><\/li><li class='av-share-link av-social-link-mail' ><a  aria-label=\"Partager par Mail\" href='mailto:?subject=VINCENT%20YANG%2C%20FONDATEUR%20ET%20CEO%20DE%20PROLOGIUM%20INVIT%C3%89%20PAR%20LE%20PR%C3%89SIDENT%20DE%20LA%20R%C3%89PUBLIQUE%20EMMANUEL%20MACRON%20AU%20SOMMET%20CHOOSE%20FRANCE%20APR%C3%88S%20AVOIR%20ANNONC%C3%89%20UN%20INVESTISSEMENT%20DE%205%2C2%20MILLIARDS%20D%E2%80%99EUROS&#038;body=https:\/\/prologium.com\/fr\/vincent-yang-fondateur-et-ceo-de-prologium-invite-par-le-president-de-la-republique-emmanuel-macron-au-sommet-choose-france-apres-avoir-annonce-un-investissement-de-52-milliards-deuros\/' aria-hidden='false' data-av_icon='\ue805' data-av_iconfont='entypo-fontello' title='' data-avia-related-tooltip='Partager par Mail'><span class='avia_hidden_link_text'>Partager par Mail<\/span><\/a><\/li><\/ul><\/div><\/div><\/div>\n<style type=\"text\/css\" id=\"style-css-av-141rl2a-65fe4fe5f4a57dc26d22668c5cb80b06\">\n#top .flex_column.av-141rl2a-65fe4fe5f4a57dc26d22668c5cb80b06{\nborder-radius:0px;\n-webkit-border-radius:0px;\n-moz-border-radius:0px;\npadding:0px;\n}\n<\/style>\n<div class='flex_column av-141rl2a-65fe4fe5f4a57dc26d22668c5cb80b06 av_one_half  avia-builder-el-9  el_after_av_one_fifth  avia-builder-el-last  no_margin flex_column_div av-zero-column-padding column-top-margin'   ><p><section class=\"av_textblock_section \"  itemscope=\"itemscope\" itemtype=\"https:\/\/schema.org\/BlogPosting\" itemprop=\"blogPost\" ><div class='avia_textblock  '   itemprop=\"text\" ><p><strong>Paris, le 16 mai 2023 &#8211; Le fondateur et CEO de ProLogium Vincent Yang a particip\u00e9 au Sommet Choose France, \u00e0 Versailles ce lundi, \u00e0 l\u2019invitation du pr\u00e9sident de la R\u00e9publique Emmanuel Macron. ProLogium, soci\u00e9t\u00e9 d&#8217;innovation sp\u00e9cialis\u00e9e dans la fabrication de solutions de batteries solides nouvelle g\u00e9n\u00e9ration pour les v\u00e9hicules \u00e9lectriques, a choisi la France pour implanter sa premi\u00e8re usine de fabrication de batterie solides \u00e0 grande \u00e9chelle hors de Ta\u00efwan. <\/strong><\/p>\n<\/div><\/section><br \/>\n<section class=\"av_textblock_section \"  itemscope=\"itemscope\" itemtype=\"https:\/\/schema.org\/BlogPosting\" itemprop=\"blogPost\" ><div class='avia_textblock  '   itemprop=\"text\" ><p>Instaur\u00e9 par le Pr\u00e9sident Emmanuel Macron, le Sommet Choose France est devenu le rendez-vous d\u00e9di\u00e9 \u00e0 l&#8217;attractivit\u00e9 de la France. Il r\u00e9unit chaque ann\u00e9e les dirigeants des plus grandes entreprises multinationales au Ch\u00e2teau de Versailles.<\/p>\n<p>L\u2019investissement d\u2019un total de 5,2 milliards d\u2019euros pour la construction d\u2019une gigafactory de batteries solides d\u2019une capacit\u00e9 de 48 GWh \u00e0 Dunkerque, annonc\u00e9 vendredi lors du d\u00e9placement du Pr\u00e9sident de la R\u00e9publique dans les Hauts-de-France, constitue l\u2019une des op\u00e9rations les plus importantes de l\u2019\u00e9dition 2023 du sommet Choose France. \u00c0 ce titre, Vincent Yang, Fondateur et CEO de ProLogium, \u00e9tait pr\u00e9sent \u00e0 Versailles ce lundi 15 mai aux c\u00f4t\u00e9s des dirigeants \u00e9trangers qui investissent en France et a particip\u00e9 \u00e0 des \u00e9changes avec le Pr\u00e9sident de la R\u00e9publique et de nombreux chefs d\u2019entreprise internationaux, notamment de l\u2019industrie automobile.<\/p>\n<\/div><\/section><br \/>\n\n<style type=\"text\/css\" id=\"style-css-av-ic7v9e-3e118dc2a59beafec879523ec3905f17\">\n.avia-image-container.av-ic7v9e-3e118dc2a59beafec879523ec3905f17 .av-image-caption-overlay-center{\ncolor:#ffffff;\n}\n<\/style>\n<div  class='avia-image-container av-ic7v9e-3e118dc2a59beafec879523ec3905f17 av-styling- avia-align-center  avia-builder-el-12  el_after_av_textblock  el_before_av_textblock  '  itemprop=\"image\" itemscope=\"itemscope\" itemtype=\"https:\/\/schema.org\/ImageObject\" ><div class=\"avia-image-container-inner\"><div class=\"avia-image-overlay-wrap\"><img class='wp-image-13794 avia-img-lazy-loading-not-13794 avia_image' src=\"https:\/\/prologium.com\/wp-content\/uploads\/2023\/08\/the-Choose-France-Summit-1030x687-1.jpg\" alt='' title='the-Choose-France-Summit-1030x687'  height=\"687\" width=\"1030\"  itemprop=\"thumbnailUrl\" srcset=\"https:\/\/prologium.com\/wp-content\/uploads\/2023\/08\/the-Choose-France-Summit-1030x687-1.jpg 1030w, https:\/\/prologium.com\/wp-content\/uploads\/2023\/08\/the-Choose-France-Summit-1030x687-1-300x200.jpg 300w, https:\/\/prologium.com\/wp-content\/uploads\/2023\/08\/the-Choose-France-Summit-1030x687-1-768x512.jpg 768w, https:\/\/prologium.com\/wp-content\/uploads\/2023\/08\/the-Choose-France-Summit-1030x687-1-705x470.jpg 705w\" sizes=\"(max-width: 1030px) 100vw, 1030px\" \/><\/div><\/div><\/div><br \/>\n<section class=\"av_textblock_section \"  itemscope=\"itemscope\" itemtype=\"https:\/\/schema.org\/BlogPosting\" itemprop=\"blogPost\" ><div class='avia_textblock  '   itemprop=\"text\" ><p>\u00ab\u00a0C&#8217;est un grand honneur de participer au sommet Choose France pour la deuxi\u00e8me ann\u00e9e cons\u00e9cutive, aux c\u00f4t\u00e9s des plus grands leaders industriels et chefs d&#8217;entreprise du monde. Je remercie une nouvelle fois le Pr\u00e9sident de la R\u00e9publique Emmanuel Macron de nous avoir rendu visite il y a quelques jours \u00e0 Dunkerque. Je suis heureux que nous ayons choisi la France, o\u00f9 nous pourrons b\u00e9n\u00e9ficier d&#8217;un vivier de talents de haute qualit\u00e9, d\u2019un approvisionnement en \u00e9lectricit\u00e9 d\u00e9carbon\u00e9e, de l\u2019\u00e9cosyst\u00e8me florissant de la \u00ab Battery Valley \u00bb du Nord de la France, et d&#8217;une proximit\u00e9 avec nos clients et march\u00e9s europ\u00e9ens. Nous sommes impatients de commencer \u00e0 travailler avec tout l\u2019\u00e9cosyst\u00e8me local et de d\u00e9velopper notre cha\u00eene de valeur au plus pr\u00e8s de nos clients et de nos march\u00e9s.\u00a0\u00bb a d\u00e9clar\u00e9<strong> Vincent Yang, fondateur et PDG de ProLogium.<\/strong><\/p>\n<p>A l\u2019issue d\u2019un examen de plusieurs sites en Europe, la ville de Dunkerque a \u00e9t\u00e9 s\u00e9lectionn\u00e9e parmi une longue liste de plus de 90 villes en Europe comme \u00e9tant la plus propice \u00e0 la construction d\u2019une gigafactory. Apr\u00e8s un examen rigoureux de ses infrastructures et de sa situation g\u00e9ographique, ProLogium a choisi cette r\u00e9gion pour son approvisionnement en \u00e9lectricit\u00e9 d\u00e9carbon\u00e9e \u00e0 un prix comp\u00e9titif. Ce projet sera situ\u00e9 dans le port de Dunkerque, \u00e0 proximit\u00e9 des usines de fabrication automobile d&#8217;Europe du Nord et du r\u00e9seau de transport maritime international. Ces caract\u00e9ristiques font de Dunkerque un lieu id\u00e9al pour concr\u00e9tiser l&#8217;ambition de ProLogium de fournir et de fabriquer localement des produits destin\u00e9s aux clients europ\u00e9ens des constructeurs automobiles.<\/p>\n<p>L\u2019implantation de l\u2019usine de ProLogium permettra la cr\u00e9ation de 3000 emplois directs et 12 000 emplois indirects d\u2019ici 2030. La construction devrait commencer au cours du second semestre 2024, pour un lancement de production d&#8217;ici la fin de l&#8217;ann\u00e9e 2026, une fois que la concertation publique sous l\u2019\u00e9gide de la CNDP et le processus d&#8217;autorisation auront \u00e9t\u00e9 men\u00e9s \u00e0 bien. ProLogium pr\u00e9voit \u00e9galement d&#8217;\u00e9tablir un centre de R&amp;D en France dans le cadre de son d\u00e9veloppement territorial.<\/p>\n<\/div><\/section><br \/>\n<section class=\"av_textblock_section \"  itemscope=\"itemscope\" itemtype=\"https:\/\/schema.org\/BlogPosting\" itemprop=\"blogPost\" ><div class='avia_textblock  '   itemprop=\"text\" ><p><strong><u>\u00c0 propos de ProLogium<\/u><\/strong>\u00a0:<br \/>\nFond\u00e9e en 2006 par Vincent Yang, ProLogium est une soci\u00e9t\u00e9 d&#8217;innovation du secteur de l&#8217;\u00e9nergie sp\u00e9cialis\u00e9e dans la R&amp;D et la fabrication de solutions de batteries nouvelle g\u00e9n\u00e9ration pour les v\u00e9hicules \u00e9lectriques. ProLogium est actuellement le seul fabricant de batteries solides au monde \u00e0 avoir d\u00e9montr\u00e9 sa capacit\u00e9 de production de masse pour les \u00e9quipements \u00e9lectroniques grand public. Sa ligne exp\u00e9rimentale d\u2019\u00e9quipements automobiles d\u00e9butera sa phase de pr\u00e9production au cours du deuxi\u00e8me semestre 2023 \u00e0 Taoke. Ses technologies exclusives font l&#8217;objet de plus de 600 brevets dans le monde entier. https:\/\/prologium.com<\/p>\n<\/div><\/section><\/p><\/div>\n<\/div><\/div><\/div><!-- close content main div --><\/div><\/div><div id='after_section_1'  class='main_color av_default_container_wrap container_wrap sidebar_right'  ><div class='container av-section-cont-open' ><div class='template-page content  av-content-small alpha units'><div class='post-entry post-entry-type-page post-entry-13666'><div class='entry-content-wrapper clearfix'>\n","protected":false},"excerpt":{"rendered":"","protected":false},"author":12,"featured_media":13794,"comment_status":"closed","ping_status":"open","sticky":false,"template":"","format":"standard","meta":[],"categories":[92],"tags":[],"yoast_head":"<!-- This site is optimized with the Yoast SEO plugin v16.8 - https:\/\/yoast.com\/wordpress\/plugins\/seo\/ -->\n<title>VINCENT YANG, FONDATEUR ET CEO DE PROLOGIUM INVIT\u00c9 PAR LE PR\u00c9SIDENT DE LA R\u00c9PUBLIQUE EMMANUEL MACRON AU SOMMET CHOOSE FRANCE APR\u00c8S AVOIR ANNONC\u00c9 UN INVESTISSEMENT DE 5,2 MILLIARDS D\u2019EUROS - ProLogium Technology Co., Ltd<\/title>\n<meta name=\"robots\" content=\"index, follow, max-snippet:-1, max-image-preview:large, max-video-preview:-1\" \/>\n<link rel=\"canonical\" href=\"https:\/\/prologium.com\/fr\/vincent-yang-fondateur-et-ceo-de-prologium-invite-par-le-president-de-la-republique-emmanuel-macron-au-sommet-choose-france-apres-avoir-annonce-un-investissement-de-52-milliards-deuros\/\" \/>\n<meta property=\"og:locale\" content=\"fr_FR\" \/>\n<meta property=\"og:type\" content=\"article\" \/>\n<meta property=\"og:title\" content=\"VINCENT YANG, FONDATEUR ET CEO DE PROLOGIUM INVIT\u00c9 PAR LE PR\u00c9SIDENT DE LA R\u00c9PUBLIQUE EMMANUEL MACRON AU SOMMET CHOOSE FRANCE APR\u00c8S AVOIR ANNONC\u00c9 UN INVESTISSEMENT DE 5,2 MILLIARDS D\u2019EUROS - ProLogium Technology Co., Ltd\" \/>\n<meta property=\"og:url\" content=\"https:\/\/prologium.com\/fr\/vincent-yang-fondateur-et-ceo-de-prologium-invite-par-le-president-de-la-republique-emmanuel-macron-au-sommet-choose-france-apres-avoir-annonce-un-investissement-de-52-milliards-deuros\/\" \/>\n<meta property=\"og:site_name\" content=\"ProLogium Technology Co., Ltd\" \/>\n<meta property=\"article:published_time\" content=\"2023-05-16T10:03:59+00:00\" \/>\n<meta property=\"article:modified_time\" content=\"2024-05-12T14:49:05+00:00\" \/>\n<meta property=\"og:image\" content=\"https:\/\/prologium.com\/wp-content\/uploads\/2023\/08\/the-Choose-France-Summit-1030x687-1.jpg\" \/>\n\t<meta property=\"og:image:width\" content=\"1030\" \/>\n\t<meta property=\"og:image:height\" content=\"687\" \/>\n<meta name=\"twitter:card\" content=\"summary\" \/>\n<meta name=\"twitter:label1\" content=\"\u00c9crit par\" \/>\n\t<meta name=\"twitter:data1\" content=\"media\" \/>\n<script type=\"application\/ld+json\" class=\"yoast-schema-graph\">{\"@context\":\"https:\/\/schema.org\",\"@graph\":[{\"@type\":\"WebSite\",\"@id\":\"https:\/\/prologium.com\/#website\",\"url\":\"https:\/\/prologium.com\/\",\"name\":\"ProLogium Technology Co., Ltd\",\"description\":\"\",\"potentialAction\":[{\"@type\":\"SearchAction\",\"target\":{\"@type\":\"EntryPoint\",\"urlTemplate\":\"https:\/\/prologium.com\/?s={search_term_string}\"},\"query-input\":\"required name=search_term_string\"}],\"inLanguage\":\"fr-FR\"},{\"@type\":\"ImageObject\",\"@id\":\"https:\/\/prologium.com\/fr\/vincent-yang-fondateur-et-ceo-de-prologium-invite-par-le-president-de-la-republique-emmanuel-macron-au-sommet-choose-france-apres-avoir-annonce-un-investissement-de-52-milliards-deuros\/#primaryimage\",\"inLanguage\":\"fr-FR\",\"url\":\"https:\/\/prologium.com\/wp-content\/uploads\/2023\/08\/the-Choose-France-Summit-1030x687-1.jpg\",\"contentUrl\":\"https:\/\/prologium.com\/wp-content\/uploads\/2023\/08\/the-Choose-France-Summit-1030x687-1.jpg\",\"width\":1030,\"height\":687},{\"@type\":\"WebPage\",\"@id\":\"https:\/\/prologium.com\/fr\/vincent-yang-fondateur-et-ceo-de-prologium-invite-par-le-president-de-la-republique-emmanuel-macron-au-sommet-choose-france-apres-avoir-annonce-un-investissement-de-52-milliards-deuros\/#webpage\",\"url\":\"https:\/\/prologium.com\/fr\/vincent-yang-fondateur-et-ceo-de-prologium-invite-par-le-president-de-la-republique-emmanuel-macron-au-sommet-choose-france-apres-avoir-annonce-un-investissement-de-52-milliards-deuros\/\",\"name\":\"VINCENT YANG, FONDATEUR ET CEO DE PROLOGIUM INVIT\\u00c9 PAR LE PR\\u00c9SIDENT DE LA R\\u00c9PUBLIQUE EMMANUEL MACRON AU SOMMET CHOOSE FRANCE APR\\u00c8S AVOIR ANNONC\\u00c9 UN INVESTISSEMENT DE 5,2 MILLIARDS D\\u2019EUROS - ProLogium Technology Co., Ltd\",\"isPartOf\":{\"@id\":\"https:\/\/prologium.com\/#website\"},\"primaryImageOfPage\":{\"@id\":\"https:\/\/prologium.com\/fr\/vincent-yang-fondateur-et-ceo-de-prologium-invite-par-le-president-de-la-republique-emmanuel-macron-au-sommet-choose-france-apres-avoir-annonce-un-investissement-de-52-milliards-deuros\/#primaryimage\"},\"datePublished\":\"2023-05-16T10:03:59+00:00\",\"dateModified\":\"2024-05-12T14:49:05+00:00\",\"author\":{\"@id\":\"https:\/\/prologium.com\/#\/schema\/person\/53f01422b85307bba178055a8de0cf6d\"},\"breadcrumb\":{\"@id\":\"https:\/\/prologium.com\/fr\/vincent-yang-fondateur-et-ceo-de-prologium-invite-par-le-president-de-la-republique-emmanuel-macron-au-sommet-choose-france-apres-avoir-annonce-un-investissement-de-52-milliards-deuros\/#breadcrumb\"},\"inLanguage\":\"fr-FR\",\"potentialAction\":[{\"@type\":\"ReadAction\",\"target\":[\"https:\/\/prologium.com\/fr\/vincent-yang-fondateur-et-ceo-de-prologium-invite-par-le-president-de-la-republique-emmanuel-macron-au-sommet-choose-france-apres-avoir-annonce-un-investissement-de-52-milliards-deuros\/\"]}]},{\"@type\":\"BreadcrumbList\",\"@id\":\"https:\/\/prologium.com\/fr\/vincent-yang-fondateur-et-ceo-de-prologium-invite-par-le-president-de-la-republique-emmanuel-macron-au-sommet-choose-france-apres-avoir-annonce-un-investissement-de-52-milliards-deuros\/#breadcrumb\",\"itemListElement\":[{\"@type\":\"ListItem\",\"position\":1,\"name\":\"\\u9996\\u9801\",\"item\":\"https:\/\/prologium.com\/fr\/index\/\"},{\"@type\":\"ListItem\",\"position\":2,\"name\":\"VINCENT YANG, FONDATEUR ET CEO DE PROLOGIUM INVIT\\u00c9 PAR LE PR\\u00c9SIDENT DE LA R\\u00c9PUBLIQUE EMMANUEL MACRON AU SOMMET CHOOSE FRANCE APR\\u00c8S AVOIR ANNONC\\u00c9 UN INVESTISSEMENT DE 5,2 MILLIARDS D\\u2019EUROS\"}]},{\"@type\":\"Person\",\"@id\":\"https:\/\/prologium.com\/#\/schema\/person\/53f01422b85307bba178055a8de0cf6d\",\"name\":\"media\",\"image\":{\"@type\":\"ImageObject\",\"@id\":\"https:\/\/prologium.com\/#personlogo\",\"inLanguage\":\"fr-FR\",\"url\":\"https:\/\/secure.gravatar.com\/avatar\/fc3075c080f34d5e56e30cd1f004f034?s=96&d=mm&r=g\",\"contentUrl\":\"https:\/\/secure.gravatar.com\/avatar\/fc3075c080f34d5e56e30cd1f004f034?s=96&d=mm&r=g\",\"caption\":\"media\"},\"url\":\"https:\/\/prologium.com\/fr\/author\/media\/\"}]}<\/script>\n<!-- \/ Yoast SEO plugin. -->","yoast_head_json":{"title":"VINCENT YANG, FONDATEUR ET CEO DE PROLOGIUM INVIT\u00c9 PAR LE PR\u00c9SIDENT DE LA R\u00c9PUBLIQUE EMMANUEL MACRON AU SOMMET CHOOSE FRANCE APR\u00c8S AVOIR ANNONC\u00c9 UN INVESTISSEMENT DE 5,2 MILLIARDS D\u2019EUROS - ProLogium Technology Co., Ltd","robots":{"index":"index","follow":"follow","max-snippet":"max-snippet:-1","max-image-preview":"max-image-preview:large","max-video-preview":"max-video-preview:-1"},"canonical":"https:\/\/prologium.com\/fr\/vincent-yang-fondateur-et-ceo-de-prologium-invite-par-le-president-de-la-republique-emmanuel-macron-au-sommet-choose-france-apres-avoir-annonce-un-investissement-de-52-milliards-deuros\/","og_locale":"fr_FR","og_type":"article","og_title":"VINCENT YANG, FONDATEUR ET CEO DE PROLOGIUM INVIT\u00c9 PAR LE PR\u00c9SIDENT DE LA R\u00c9PUBLIQUE EMMANUEL MACRON AU SOMMET CHOOSE FRANCE APR\u00c8S AVOIR ANNONC\u00c9 UN INVESTISSEMENT DE 5,2 MILLIARDS D\u2019EUROS - ProLogium Technology Co., Ltd","og_url":"https:\/\/prologium.com\/fr\/vincent-yang-fondateur-et-ceo-de-prologium-invite-par-le-president-de-la-republique-emmanuel-macron-au-sommet-choose-france-apres-avoir-annonce-un-investissement-de-52-milliards-deuros\/","og_site_name":"ProLogium Technology Co., Ltd","article_published_time":"2023-05-16T10:03:59+00:00","article_modified_time":"2024-05-12T14:49:05+00:00","og_image":[{"width":1030,"height":687,"url":"https:\/\/prologium.com\/wp-content\/uploads\/2023\/08\/the-Choose-France-Summit-1030x687-1.jpg","path":"\/home\/prologium\/public_html\/wp-content\/uploads\/2023\/08\/the-Choose-France-Summit-1030x687-1.jpg","size":"full","id":13794,"alt":"","pixels":707610,"type":"image\/jpeg"}],"twitter_card":"summary","twitter_misc":{"\u00c9crit par":"media"},"schema":{"@context":"https:\/\/schema.org","@graph":[{"@type":"WebSite","@id":"https:\/\/prologium.com\/#website","url":"https:\/\/prologium.com\/","name":"ProLogium Technology Co., Ltd","description":"","potentialAction":[{"@type":"SearchAction","target":{"@type":"EntryPoint","urlTemplate":"https:\/\/prologium.com\/?s={search_term_string}"},"query-input":"required name=search_term_string"}],"inLanguage":"fr-FR"},{"@type":"ImageObject","@id":"https:\/\/prologium.com\/fr\/vincent-yang-fondateur-et-ceo-de-prologium-invite-par-le-president-de-la-republique-emmanuel-macron-au-sommet-choose-france-apres-avoir-annonce-un-investissement-de-52-milliards-deuros\/#primaryimage","inLanguage":"fr-FR","url":"https:\/\/prologium.com\/wp-content\/uploads\/2023\/08\/the-Choose-France-Summit-1030x687-1.jpg","contentUrl":"https:\/\/prologium.com\/wp-content\/uploads\/2023\/08\/the-Choose-France-Summit-1030x687-1.jpg","width":1030,"height":687},{"@type":"WebPage","@id":"https:\/\/prologium.com\/fr\/vincent-yang-fondateur-et-ceo-de-prologium-invite-par-le-president-de-la-republique-emmanuel-macron-au-sommet-choose-france-apres-avoir-annonce-un-investissement-de-52-milliards-deuros\/#webpage","url":"https:\/\/prologium.com\/fr\/vincent-yang-fondateur-et-ceo-de-prologium-invite-par-le-president-de-la-republique-emmanuel-macron-au-sommet-choose-france-apres-avoir-annonce-un-investissement-de-52-milliards-deuros\/","name":"VINCENT YANG, FONDATEUR ET CEO DE PROLOGIUM INVIT\u00c9 PAR LE PR\u00c9SIDENT DE LA R\u00c9PUBLIQUE EMMANUEL MACRON AU SOMMET CHOOSE FRANCE APR\u00c8S AVOIR ANNONC\u00c9 UN INVESTISSEMENT DE 5,2 MILLIARDS D\u2019EUROS - ProLogium Technology Co., Ltd","isPartOf":{"@id":"https:\/\/prologium.com\/#website"},"primaryImageOfPage":{"@id":"https:\/\/prologium.com\/fr\/vincent-yang-fondateur-et-ceo-de-prologium-invite-par-le-president-de-la-republique-emmanuel-macron-au-sommet-choose-france-apres-avoir-annonce-un-investissement-de-52-milliards-deuros\/#primaryimage"},"datePublished":"2023-05-16T10:03:59+00:00","dateModified":"2024-05-12T14:49:05+00:00","author":{"@id":"https:\/\/prologium.com\/#\/schema\/person\/53f01422b85307bba178055a8de0cf6d"},"breadcrumb":{"@id":"https:\/\/prologium.com\/fr\/vincent-yang-fondateur-et-ceo-de-prologium-invite-par-le-president-de-la-republique-emmanuel-macron-au-sommet-choose-france-apres-avoir-annonce-un-investissement-de-52-milliards-deuros\/#breadcrumb"},"inLanguage":"fr-FR","potentialAction":[{"@type":"ReadAction","target":["https:\/\/prologium.com\/fr\/vincent-yang-fondateur-et-ceo-de-prologium-invite-par-le-president-de-la-republique-emmanuel-macron-au-sommet-choose-france-apres-avoir-annonce-un-investissement-de-52-milliards-deuros\/"]}]},{"@type":"BreadcrumbList","@id":"https:\/\/prologium.com\/fr\/vincent-yang-fondateur-et-ceo-de-prologium-invite-par-le-president-de-la-republique-emmanuel-macron-au-sommet-choose-france-apres-avoir-annonce-un-investissement-de-52-milliards-deuros\/#breadcrumb","itemListElement":[{"@type":"ListItem","position":1,"name":"\u9996\u9801","item":"https:\/\/prologium.com\/fr\/index\/"},{"@type":"ListItem","position":2,"name":"VINCENT YANG, FONDATEUR ET CEO DE PROLOGIUM INVIT\u00c9 PAR LE PR\u00c9SIDENT DE LA R\u00c9PUBLIQUE EMMANUEL MACRON AU SOMMET CHOOSE FRANCE APR\u00c8S AVOIR ANNONC\u00c9 UN INVESTISSEMENT DE 5,2 MILLIARDS D\u2019EUROS"}]},{"@type":"Person","@id":"https:\/\/prologium.com\/#\/schema\/person\/53f01422b85307bba178055a8de0cf6d","name":"media","image":{"@type":"ImageObject","@id":"https:\/\/prologium.com\/#personlogo","inLanguage":"fr-FR","url":"https:\/\/secure.gravatar.com\/avatar\/fc3075c080f34d5e56e30cd1f004f034?s=96&d=mm&r=g","contentUrl":"https:\/\/secure.gravatar.com\/avatar\/fc3075c080f34d5e56e30cd1f004f034?s=96&d=mm&r=g","caption":"media"},"url":"https:\/\/prologium.com\/fr\/author\/media\/"}]}},"_links":{"self":[{"href":"https:\/\/prologium.com\/fr\/wp-json\/wp\/v2\/posts\/13666"}],"collection":[{"href":"https:\/\/prologium.com\/fr\/wp-json\/wp\/v2\/posts"}],"about":[{"href":"https:\/\/prologium.com\/fr\/wp-json\/wp\/v2\/types\/post"}],"author":[{"embeddable":true,"href":"https:\/\/prologium.com\/fr\/wp-json\/wp\/v2\/users\/12"}],"replies":[{"embeddable":true,"href":"https:\/\/prologium.com\/fr\/wp-json\/wp\/v2\/comments?post=13666"}],"version-history":[{"count":4,"href":"https:\/\/prologium.com\/fr\/wp-json\/wp\/v2\/posts\/13666\/revisions"}],"predecessor-version":[{"id":16709,"href":"https:\/\/prologium.com\/fr\/wp-json\/wp\/v2\/posts\/13666\/revisions\/16709"}],"wp:featuredmedia":[{"embeddable":true,"href":"https:\/\/prologium.com\/fr\/wp-json\/wp\/v2\/media\/13794"}],"wp:attachment":[{"href":"https:\/\/prologium.com\/fr\/wp-json\/wp\/v2\/media?parent=13666"}],"wp:term":[{"taxonomy":"category","embeddable":true,"href":"https:\/\/prologium.com\/fr\/wp-json\/wp\/v2\/categories?post=13666"},{"taxonomy":"post_tag","embeddable":true,"href":"https:\/\/prologium.com\/fr\/wp-json\/wp\/v2\/tags?post=13666"}],"curies":[{"name":"wp","href":"https:\/\/api.w.org\/{rel}","templated":true}]}}